{"id":302,"date":"2017-11-30T15:41:13","date_gmt":"2017-11-30T14:41:13","guid":{"rendered":"https:\/\/www.mein-hundehof.de\/?p=302"},"modified":"2018-07-03T11:12:00","modified_gmt":"2018-07-03T09:12:00","slug":"hier-bin-ich-hund-hier-darf-ichs-sein","status":"publish","type":"post","link":"https:\/\/www.mein-hundehof.de\/index.php\/2017\/11\/30\/hier-bin-ich-hund-hier-darf-ichs-sein\/","title":{"rendered":"Hier bin ich Hund, hier darf ich&#8217;s sein&#8230;"},"content":{"rendered":"<p style=\"text-align: justify;\"><span style=\"font-size: 12pt;\"><a href=\"https:\/\/www.mein-hundehof.de\/wp-content\/uploads\/2017\/10\/Josh5-e1506950926464.jpg\"><img loading=\"lazy\" decoding=\"async\" class=\"alignleft size-medium wp-image-288\" src=\"https:\/\/www.mein-hundehof.de\/wp-content\/uploads\/2017\/10\/Josh5-e1506950926464-237x300.jpg\" alt=\"\" width=\"237\" height=\"300\" srcset=\"https:\/\/www.mein-hundehof.de\/wp-content\/uploads\/2017\/10\/Josh5-e1506950926464-237x300.jpg 237w, https:\/\/www.mein-hundehof.de\/wp-content\/uploads\/2017\/10\/Josh5-e1506950926464.jpg 680w\" sizes=\"auto, (max-width: 237px) 85vw, 237px\" \/><\/a>Irgendwie wirkt er immer ein klein wenig\u00a0 verpeilt. Aber mit 12 Jahren darf man die Dinge durchaus schon mal etwas langsamer angehen. Zumal wenn die Gesundheit nicht mehr so richtig mitspielt. <\/span><\/p>\n<p>&nbsp;<\/p>\n<p>&nbsp;<\/p>\n<p>&nbsp;<\/p>\n<p style=\"text-align: justify;\">Labrador Josh hat schwere Arthrose. Trotz Schmerzmitteln hinkt er stark, und seine Kondition ist auch nicht die beste. Auf Spazierg\u00e4ngen h\u00e4ngt er oft hinterher und ger\u00e4t schnell ins Schnaufen. Ans Toben mit anderen Hunden ist nicht mehr zu denken.<\/p>\n<p><img loading=\"lazy\" decoding=\"async\" class=\" wp-image-282 aligncenter\" src=\"https:\/\/www.mein-hundehof.de\/wp-content\/uploads\/2017\/10\/Josh-Spaziergang2-300x243.jpg\" alt=\"\" width=\"712\" height=\"577\" srcset=\"https:\/\/www.mein-hundehof.de\/wp-content\/uploads\/2017\/10\/Josh-Spaziergang2-300x243.jpg 300w, https:\/\/www.mein-hundehof.de\/wp-content\/uploads\/2017\/10\/Josh-Spaziergang2-768x622.jpg 768w, https:\/\/www.mein-hundehof.de\/wp-content\/uploads\/2017\/10\/Josh-Spaziergang2-1024x830.jpg 1024w, https:\/\/www.mein-hundehof.de\/wp-content\/uploads\/2017\/10\/Josh-Spaziergang2-1200x972.jpg 1200w, https:\/\/www.mein-hundehof.de\/wp-content\/uploads\/2017\/10\/Josh-Spaziergang2.jpg 1512w\" sizes=\"auto, (max-width: 709px) 85vw, (max-width: 909px) 67vw, (max-width: 984px) 61vw, (max-width: 1362px) 45vw, 600px\" \/><\/p>\n<p align=\"JUSTIFY\">\u201eHat das noch Sinn?\u201c, fragt man sich irgendwann als verantwortungsbewusster Hundefreund. Aber Josh sieht man doch\u00a0stets an, dass er ungeachtet seiner Probleme noch viel ungebrochene Lebensfreude hat. Und zwar besonders auf dem Hundehof. Hier hat der bisherige Stadthund Platz, h\u00fcndische Gesellschaft und muss sich kein Treppenhaus hochschleppen. Obwohl ihm die Spazierg\u00e4nge schwerfallen, m\u00f6chte er doch nie einen auslassen. Seine gr\u00f6\u00dfte Freude aber ist der Hundeteich.<\/p>\n<p align=\"JUSTIFY\"><a href=\"https:\/\/www.mein-hundehof.de\/wp-content\/uploads\/2017\/10\/Josh.jpg\"><img loading=\"lazy\" decoding=\"async\" class=\"alignleft wp-image-284\" src=\"https:\/\/www.mein-hundehof.de\/wp-content\/uploads\/2017\/10\/Josh-300x188.jpg\" alt=\"\" width=\"413\" height=\"259\" srcset=\"https:\/\/www.mein-hundehof.de\/wp-content\/uploads\/2017\/10\/Josh-300x188.jpg 300w, https:\/\/www.mein-hundehof.de\/wp-content\/uploads\/2017\/10\/Josh-768x482.jpg 768w, https:\/\/www.mein-hundehof.de\/wp-content\/uploads\/2017\/10\/Josh-1024x643.jpg 1024w, https:\/\/www.mein-hundehof.de\/wp-content\/uploads\/2017\/10\/Josh.jpg 1200w\" sizes=\"auto, (max-width: 413px) 85vw, 413px\" \/><\/a><\/p>\n<p align=\"JUSTIFY\">Sobald sich\u00a0jemand in Richtung Garten bewegt, steht er freudig bereit. Nichts liebt er mehr als in das k\u00fchle Wasser zu steigen, ein paar Schluck zu schlabbern, die Entlastung der morschen Knochen zu genie\u00dfen, wieder herauszusteigen, sich zu sch\u00fctteln, am Ufer zu w\u00e4lzen, ein wenig zu chillen und nach sp\u00e4testens zwei Minuten\u00a0das Ganze wieder von vorne zu beginnen. Ein echter Labrador halt.<\/p>\n<p align=\"JUSTIFY\"><a href=\"https:\/\/www.mein-hundehof.de\/wp-content\/uploads\/2017\/10\/Josh10.jpg\"><img loading=\"lazy\" decoding=\"async\" class=\"alignright wp-image-293\" src=\"https:\/\/www.mein-hundehof.de\/wp-content\/uploads\/2017\/10\/Josh10-300x169.jpg\" alt=\"\" width=\"396\" height=\"223\" srcset=\"https:\/\/www.mein-hundehof.de\/wp-content\/uploads\/2017\/10\/Josh10-300x169.jpg 300w, https:\/\/www.mein-hundehof.de\/wp-content\/uploads\/2017\/10\/Josh10-768x433.jpg 768w, https:\/\/www.mein-hundehof.de\/wp-content\/uploads\/2017\/10\/Josh10-1024x577.jpg 1024w, https:\/\/www.mein-hundehof.de\/wp-content\/uploads\/2017\/10\/Josh10-1200x677.jpg 1200w, https:\/\/www.mein-hundehof.de\/wp-content\/uploads\/2017\/10\/Josh10.jpg 1800w\" sizes=\"auto, (max-width: 396px) 85vw, 396px\" \/><\/a>Wie\u00a0vielen anderen Hundebesitzern fiel auch Josh&#8217;s Herrchen auf, dass sein Freund nach dem Aufenthalt bei uns sichtlich besser drauf war. Kein Wunder: Auch Hunde m\u00f6gen Ferien mit viel Gesellschaft, Abenteuern und ein paar kleinen und gro\u00dfen Freiheiten. Und so spendierte er Josh immer \u00f6fter mal ein paar Tage bei uns, wenn sich ein Vorwand daf\u00fcr finden lie\u00df.\u00a0Nachdem der alte Knabe dabei jedes mal sichtlich aufbl\u00fchte und gleichzeitig das Stadtleben immer schwieriger f\u00fcr ihn wurde, kamen wir \u00fcberein: Josh zieht hier ein. Er geh\u00f6rt ja inzwischen sowieso l\u00e4ngst dazu. Und sein Herrchen kann ihn auch hier jederzeit abholen f\u00fcr gemeinsame sch\u00f6ne Stunden oder Tage. Tut ihm wahrscheinlich auch gut, mal \u00f6fter rauszukommen aus der lauten grauen Stadt&#8230;<\/p>\n<p><a href=\"https:\/\/www.mein-hundehof.de\/wp-content\/uploads\/2017\/10\/Josh-Wiese.jpg\"><img loading=\"lazy\" decoding=\"async\" class=\"alignnone wp-image-283\" src=\"https:\/\/www.mein-hundehof.de\/wp-content\/uploads\/2017\/10\/Josh-Wiese-300x143.jpg\" alt=\"\" width=\"705\" height=\"336\" srcset=\"https:\/\/www.mein-hundehof.de\/wp-content\/uploads\/2017\/10\/Josh-Wiese-300x143.jpg 300w, https:\/\/www.mein-hundehof.de\/wp-content\/uploads\/2017\/10\/Josh-Wiese-768x365.jpg 768w, https:\/\/www.mein-hundehof.de\/wp-content\/uploads\/2017\/10\/Josh-Wiese.jpg 800w\" sizes=\"auto, (max-width: 709px) 85vw, (max-width: 909px) 67vw, (max-width: 984px) 61vw, (max-width: 1362px) 45vw, 600px\" \/><\/a><\/p>\n<p style=\"text-align: justify;\">UPDATE, Juni 2018: Alles hat einmal ein Ende&#8230; Neun Monate konnte Josh sein Rentnerdasein bei uns genie\u00dfen und hat sich in dieser Zeit viele Freunde gemacht. Mit seinem ebenso zur\u00fcckhaltenden wie freundlichen Wesen fiel der immer etwas distinguiert wirkende \u00e4ltere Herr oft unseren Besuchern auf und wurde fast eine Art Maskottchen des Hunde-Hofes. Sein diskreter Charme, mit dem er einem stets mit einigen Metern Abstand folgte, verlieh ihm die Aura eines englischen Butlers.<br \/>\nSein letzter Abend war ein Fest. Bis Mitternacht sa\u00dfen wir bei hochsommerlichen Temperaturen an Joshs geliebtem Gartenteich, und wie immer pendelte er in ruhigem und stetem Rhythmus zwischen der Badestelle und seinem Lieblingsplatz am Ufer. Man sp\u00fcrte, wie gl\u00fccklich er war, Mensch und Natur gleicherma\u00dfen nahe sein zu d\u00fcrfen. Schlie\u00dflich\u00a0folgte er uns humpelnd mit 20 m Abstand zur\u00fcck in den Hof und lies sich wie immer\u00a0ein wenig bitten. Am n\u00e4chsten Morgen, es wurde schon wieder recht warm, fanden wir ihn schwach atmend im Schatten eines Geb\u00fcsches. Selbst f\u00fcr kleine Bewegungen hatte er keine Kraft mehr, war aber frei von Schmerzen oder Angst und schlief nur wenige Minuten sp\u00e4ter friedlich ein. Er kam als Gast und ging als Freund.<\/p>\n<p>&nbsp;<\/p>\n<p><a href=\"https:\/\/www.mein-hundehof.de\/wp-content\/uploads\/2017\/10\/Josh2.jpg\"><img loading=\"lazy\" decoding=\"async\" class=\" wp-image-285 alignright\" src=\"https:\/\/www.mein-hundehof.de\/wp-content\/uploads\/2017\/10\/Josh2-245x300.jpg\" alt=\"\" width=\"208\" height=\"254\" srcset=\"https:\/\/www.mein-hundehof.de\/wp-content\/uploads\/2017\/10\/Josh2-245x300.jpg 245w, https:\/\/www.mein-hundehof.de\/wp-content\/uploads\/2017\/10\/Josh2.jpg 719w\" sizes=\"auto, (max-width: 208px) 85vw, 208px\" \/><\/a><\/p>\n<p style=\"text-align: justify;\">Bleibt die Frage: Gibt es eigentlich einen Hundehimmel? &#8211; Nein, nat\u00fcrlich nicht! Hunde d\u00fcrfen mit in den Menschenhimmel. Anders kann es gar nicht sein, denn sonst w\u00fcrde dort etwas ganz Entscheidendes fehlen.<\/p>\n","protected":false},"excerpt":{"rendered":"<p>Irgendwie wirkt er immer ein klein wenig\u00a0 verpeilt. Aber mit 12 Jahren darf man die Dinge durchaus schon mal etwas langsamer angehen. Zumal wenn die Gesundheit nicht mehr so richtig mitspielt. &nbsp; &nbsp; &nbsp; Labrador Josh hat schwere Arthrose. Trotz Schmerzmitteln hinkt er stark, und seine Kondition ist auch nicht die beste. Auf Spazierg\u00e4ngen h\u00e4ngt &hellip; <a href=\"https:\/\/www.mein-hundehof.de\/index.php\/2017\/11\/30\/hier-bin-ich-hund-hier-darf-ichs-sein\/\" class=\"more-link\"><span class=\"screen-reader-text\">\u201eHier bin ich Hund, hier darf ich&#8217;s sein&#8230;\u201c<\/span> weiterlesen<\/a><\/p>\n","protected":false},"author":1,"featured_media":0,"comment_status":"closed","ping_status":"open","sticky":false,"template":"","format":"standard","meta":{"footnotes":""},"categories":[1],"tags":[],"class_list":["post-302","post","type-post","status-publish","format-standard","hentry","category-allgemein"],"yoast_head":"<!-- This site is optimized with the Yoast SEO plugin v26.2 - https:\/\/yoast.com\/wordpress\/plugins\/seo\/ -->\n<title>Hier bin ich Hund, hier darf ich&#039;s sein... - Hunde-Hof Wald &amp; Wiese<\/title>\n<meta name=\"robots\" content=\"index, follow, max-snippet:-1, max-image-preview:large, max-video-preview:-1\" \/>\n<link rel=\"canonical\" href=\"https:\/\/www.mein-hundehof.de\/index.php\/2017\/11\/30\/hier-bin-ich-hund-hier-darf-ichs-sein\/\" \/>\n<meta property=\"og:locale\" content=\"de_DE\" \/>\n<meta property=\"og:type\" content=\"article\" \/>\n<meta property=\"og:title\" content=\"Hier bin ich Hund, hier darf ich&#039;s sein... - Hunde-Hof Wald &amp; Wiese\" \/>\n<meta property=\"og:description\" content=\"Irgendwie wirkt er immer ein klein wenig\u00a0 verpeilt. Aber mit 12 Jahren darf man die Dinge durchaus schon mal etwas langsamer angehen. Zumal wenn die Gesundheit nicht mehr so richtig mitspielt. &nbsp; &nbsp; &nbsp; Labrador Josh hat schwere Arthrose. Trotz Schmerzmitteln hinkt er stark, und seine Kondition ist auch nicht die beste. Auf Spazierg\u00e4ngen h\u00e4ngt &hellip; \u201eHier bin ich Hund, hier darf ich&#8217;s sein&#8230;\u201c weiterlesen\" \/>\n<meta property=\"og:url\" content=\"https:\/\/www.mein-hundehof.de\/index.php\/2017\/11\/30\/hier-bin-ich-hund-hier-darf-ichs-sein\/\" \/>\n<meta property=\"og:site_name\" content=\"Hunde-Hof Wald &amp; Wiese\" \/>\n<meta property=\"article:publisher\" content=\"https:\/\/www.facebook.com\/Hundehof14947\/\" \/>\n<meta property=\"article:published_time\" content=\"2017-11-30T14:41:13+00:00\" \/>\n<meta property=\"article:modified_time\" content=\"2018-07-03T09:12:00+00:00\" \/>\n<meta property=\"og:image\" content=\"https:\/\/www.mein-hundehof.de\/wp-content\/uploads\/2017\/10\/Josh5-e1506950926464-237x300.jpg\" \/>\n<meta name=\"author\" content=\"Gabor\" \/>\n<meta name=\"twitter:card\" content=\"summary_large_image\" \/>\n<meta name=\"twitter:label1\" content=\"Verfasst von\" \/>\n\t<meta name=\"twitter:data1\" content=\"Gabor\" \/>\n\t<meta name=\"twitter:label2\" content=\"Gesch\u00e4tzte Lesezeit\" \/>\n\t<meta name=\"twitter:data2\" content=\"3\u00a0Minuten\" \/>\n<script type=\"application\/ld+json\" class=\"yoast-schema-graph\">{\"@context\":\"https:\/\/schema.org\",\"@graph\":[{\"@type\":\"Article\",\"@id\":\"https:\/\/www.mein-hundehof.de\/index.php\/2017\/11\/30\/hier-bin-ich-hund-hier-darf-ichs-sein\/#article\",\"isPartOf\":{\"@id\":\"https:\/\/www.mein-hundehof.de\/index.php\/2017\/11\/30\/hier-bin-ich-hund-hier-darf-ichs-sein\/\"},\"author\":{\"name\":\"Gabor\",\"@id\":\"https:\/\/www.mein-hundehof.de\/#\/schema\/person\/a3add56b905a55a177181084e34dd2e0\"},\"headline\":\"Hier bin ich Hund, hier darf ich&#8217;s sein&#8230;\",\"datePublished\":\"2017-11-30T14:41:13+00:00\",\"dateModified\":\"2018-07-03T09:12:00+00:00\",\"mainEntityOfPage\":{\"@id\":\"https:\/\/www.mein-hundehof.de\/index.php\/2017\/11\/30\/hier-bin-ich-hund-hier-darf-ichs-sein\/\"},\"wordCount\":590,\"publisher\":{\"@id\":\"https:\/\/www.mein-hundehof.de\/#organization\"},\"image\":{\"@id\":\"https:\/\/www.mein-hundehof.de\/index.php\/2017\/11\/30\/hier-bin-ich-hund-hier-darf-ichs-sein\/#primaryimage\"},\"thumbnailUrl\":\"https:\/\/www.mein-hundehof.de\/wp-content\/uploads\/2017\/10\/Josh5-e1506950926464-237x300.jpg\",\"inLanguage\":\"de\"},{\"@type\":\"WebPage\",\"@id\":\"https:\/\/www.mein-hundehof.de\/index.php\/2017\/11\/30\/hier-bin-ich-hund-hier-darf-ichs-sein\/\",\"url\":\"https:\/\/www.mein-hundehof.de\/index.php\/2017\/11\/30\/hier-bin-ich-hund-hier-darf-ichs-sein\/\",\"name\":\"Hier bin ich Hund, hier darf ich's sein... - Hunde-Hof Wald &amp; Wiese\",\"isPartOf\":{\"@id\":\"https:\/\/www.mein-hundehof.de\/#website\"},\"primaryImageOfPage\":{\"@id\":\"https:\/\/www.mein-hundehof.de\/index.php\/2017\/11\/30\/hier-bin-ich-hund-hier-darf-ichs-sein\/#primaryimage\"},\"image\":{\"@id\":\"https:\/\/www.mein-hundehof.de\/index.php\/2017\/11\/30\/hier-bin-ich-hund-hier-darf-ichs-sein\/#primaryimage\"},\"thumbnailUrl\":\"https:\/\/www.mein-hundehof.de\/wp-content\/uploads\/2017\/10\/Josh5-e1506950926464-237x300.jpg\",\"datePublished\":\"2017-11-30T14:41:13+00:00\",\"dateModified\":\"2018-07-03T09:12:00+00:00\",\"breadcrumb\":{\"@id\":\"https:\/\/www.mein-hundehof.de\/index.php\/2017\/11\/30\/hier-bin-ich-hund-hier-darf-ichs-sein\/#breadcrumb\"},\"inLanguage\":\"de\",\"potentialAction\":[{\"@type\":\"ReadAction\",\"target\":[\"https:\/\/www.mein-hundehof.de\/index.php\/2017\/11\/30\/hier-bin-ich-hund-hier-darf-ichs-sein\/\"]}]},{\"@type\":\"ImageObject\",\"inLanguage\":\"de\",\"@id\":\"https:\/\/www.mein-hundehof.de\/index.php\/2017\/11\/30\/hier-bin-ich-hund-hier-darf-ichs-sein\/#primaryimage\",\"url\":\"https:\/\/www.mein-hundehof.de\/wp-content\/uploads\/2017\/10\/Josh5-e1506950926464.jpg\",\"contentUrl\":\"https:\/\/www.mein-hundehof.de\/wp-content\/uploads\/2017\/10\/Josh5-e1506950926464.jpg\",\"width\":680,\"height\":860},{\"@type\":\"BreadcrumbList\",\"@id\":\"https:\/\/www.mein-hundehof.de\/index.php\/2017\/11\/30\/hier-bin-ich-hund-hier-darf-ichs-sein\/#breadcrumb\",\"itemListElement\":[{\"@type\":\"ListItem\",\"position\":1,\"name\":\"Startseite\",\"item\":\"https:\/\/www.mein-hundehof.de\/\"},{\"@type\":\"ListItem\",\"position\":2,\"name\":\"Hier bin ich Hund, hier darf ich&#8217;s sein&#8230;\"}]},{\"@type\":\"WebSite\",\"@id\":\"https:\/\/www.mein-hundehof.de\/#website\",\"url\":\"https:\/\/www.mein-hundehof.de\/\",\"name\":\"Hunde-Hof Wald &amp; Wiese\",\"description\":\"Ihre Hundepension im s\u00fcdlichen Umland von Berlin\",\"publisher\":{\"@id\":\"https:\/\/www.mein-hundehof.de\/#organization\"},\"potentialAction\":[{\"@type\":\"SearchAction\",\"target\":{\"@type\":\"EntryPoint\",\"urlTemplate\":\"https:\/\/www.mein-hundehof.de\/?s={search_term_string}\"},\"query-input\":{\"@type\":\"PropertyValueSpecification\",\"valueRequired\":true,\"valueName\":\"search_term_string\"}}],\"inLanguage\":\"de\"},{\"@type\":\"Organization\",\"@id\":\"https:\/\/www.mein-hundehof.de\/#organization\",\"name\":\"Hundehof Wald & Wiese\",\"url\":\"https:\/\/www.mein-hundehof.de\/\",\"logo\":{\"@type\":\"ImageObject\",\"inLanguage\":\"de\",\"@id\":\"https:\/\/www.mein-hundehof.de\/#\/schema\/logo\/image\/\",\"url\":\"https:\/\/www.mein-hundehof.de\/wp-content\/uploads\/2016\/08\/Logo-300.jpg\",\"contentUrl\":\"https:\/\/www.mein-hundehof.de\/wp-content\/uploads\/2016\/08\/Logo-300.jpg\",\"width\":299,\"height\":271,\"caption\":\"Hundehof Wald & Wiese\"},\"image\":{\"@id\":\"https:\/\/www.mein-hundehof.de\/#\/schema\/logo\/image\/\"},\"sameAs\":[\"https:\/\/www.facebook.com\/Hundehof14947\/\"]},{\"@type\":\"Person\",\"@id\":\"https:\/\/www.mein-hundehof.de\/#\/schema\/person\/a3add56b905a55a177181084e34dd2e0\",\"name\":\"Gabor\",\"image\":{\"@type\":\"ImageObject\",\"inLanguage\":\"de\",\"@id\":\"https:\/\/www.mein-hundehof.de\/#\/schema\/person\/image\/\",\"url\":\"https:\/\/secure.gravatar.com\/avatar\/676566a7e33a0d7622c1fe5ce193dda1?s=96&d=mm&r=g\",\"contentUrl\":\"https:\/\/secure.gravatar.com\/avatar\/676566a7e33a0d7622c1fe5ce193dda1?s=96&d=mm&r=g\",\"caption\":\"Gabor\"}}]}<\/script>\n<!-- \/ Yoast SEO plugin. -->","yoast_head_json":{"title":"Hier bin ich Hund, hier darf ich's sein... - Hunde-Hof Wald &amp; Wiese","robots":{"index":"index","follow":"follow","max-snippet":"max-snippet:-1","max-image-preview":"max-image-preview:large","max-video-preview":"max-video-preview:-1"},"canonical":"https:\/\/www.mein-hundehof.de\/index.php\/2017\/11\/30\/hier-bin-ich-hund-hier-darf-ichs-sein\/","og_locale":"de_DE","og_type":"article","og_title":"Hier bin ich Hund, hier darf ich's sein... - Hunde-Hof Wald &amp; Wiese","og_description":"Irgendwie wirkt er immer ein klein wenig\u00a0 verpeilt. Aber mit 12 Jahren darf man die Dinge durchaus schon mal etwas langsamer angehen. Zumal wenn die Gesundheit nicht mehr so richtig mitspielt. &nbsp; &nbsp; &nbsp; Labrador Josh hat schwere Arthrose. Trotz Schmerzmitteln hinkt er stark, und seine Kondition ist auch nicht die beste. Auf Spazierg\u00e4ngen h\u00e4ngt &hellip; \u201eHier bin ich Hund, hier darf ich&#8217;s sein&#8230;\u201c weiterlesen","og_url":"https:\/\/www.mein-hundehof.de\/index.php\/2017\/11\/30\/hier-bin-ich-hund-hier-darf-ichs-sein\/","og_site_name":"Hunde-Hof Wald &amp; Wiese","article_publisher":"https:\/\/www.facebook.com\/Hundehof14947\/","article_published_time":"2017-11-30T14:41:13+00:00","article_modified_time":"2018-07-03T09:12:00+00:00","og_image":[{"url":"https:\/\/www.mein-hundehof.de\/wp-content\/uploads\/2017\/10\/Josh5-e1506950926464-237x300.jpg","type":"","width":"","height":""}],"author":"Gabor","twitter_card":"summary_large_image","twitter_misc":{"Verfasst von":"Gabor","Gesch\u00e4tzte Lesezeit":"3\u00a0Minuten"},"schema":{"@context":"https:\/\/schema.org","@graph":[{"@type":"Article","@id":"https:\/\/www.mein-hundehof.de\/index.php\/2017\/11\/30\/hier-bin-ich-hund-hier-darf-ichs-sein\/#article","isPartOf":{"@id":"https:\/\/www.mein-hundehof.de\/index.php\/2017\/11\/30\/hier-bin-ich-hund-hier-darf-ichs-sein\/"},"author":{"name":"Gabor","@id":"https:\/\/www.mein-hundehof.de\/#\/schema\/person\/a3add56b905a55a177181084e34dd2e0"},"headline":"Hier bin ich Hund, hier darf ich&#8217;s sein&#8230;","datePublished":"2017-11-30T14:41:13+00:00","dateModified":"2018-07-03T09:12:00+00:00","mainEntityOfPage":{"@id":"https:\/\/www.mein-hundehof.de\/index.php\/2017\/11\/30\/hier-bin-ich-hund-hier-darf-ichs-sein\/"},"wordCount":590,"publisher":{"@id":"https:\/\/www.mein-hundehof.de\/#organization"},"image":{"@id":"https:\/\/www.mein-hundehof.de\/index.php\/2017\/11\/30\/hier-bin-ich-hund-hier-darf-ichs-sein\/#primaryimage"},"thumbnailUrl":"https:\/\/www.mein-hundehof.de\/wp-content\/uploads\/2017\/10\/Josh5-e1506950926464-237x300.jpg","inLanguage":"de"},{"@type":"WebPage","@id":"https:\/\/www.mein-hundehof.de\/index.php\/2017\/11\/30\/hier-bin-ich-hund-hier-darf-ichs-sein\/","url":"https:\/\/www.mein-hundehof.de\/index.php\/2017\/11\/30\/hier-bin-ich-hund-hier-darf-ichs-sein\/","name":"Hier bin ich Hund, hier darf ich's sein... - Hunde-Hof Wald &amp; Wiese","isPartOf":{"@id":"https:\/\/www.mein-hundehof.de\/#website"},"primaryImageOfPage":{"@id":"https:\/\/www.mein-hundehof.de\/index.php\/2017\/11\/30\/hier-bin-ich-hund-hier-darf-ichs-sein\/#primaryimage"},"image":{"@id":"https:\/\/www.mein-hundehof.de\/index.php\/2017\/11\/30\/hier-bin-ich-hund-hier-darf-ichs-sein\/#primaryimage"},"thumbnailUrl":"https:\/\/www.mein-hundehof.de\/wp-content\/uploads\/2017\/10\/Josh5-e1506950926464-237x300.jpg","datePublished":"2017-11-30T14:41:13+00:00","dateModified":"2018-07-03T09:12:00+00:00","breadcrumb":{"@id":"https:\/\/www.mein-hundehof.de\/index.php\/2017\/11\/30\/hier-bin-ich-hund-hier-darf-ichs-sein\/#breadcrumb"},"inLanguage":"de","potentialAction":[{"@type":"ReadAction","target":["https:\/\/www.mein-hundehof.de\/index.php\/2017\/11\/30\/hier-bin-ich-hund-hier-darf-ichs-sein\/"]}]},{"@type":"ImageObject","inLanguage":"de","@id":"https:\/\/www.mein-hundehof.de\/index.php\/2017\/11\/30\/hier-bin-ich-hund-hier-darf-ichs-sein\/#primaryimage","url":"https:\/\/www.mein-hundehof.de\/wp-content\/uploads\/2017\/10\/Josh5-e1506950926464.jpg","contentUrl":"https:\/\/www.mein-hundehof.de\/wp-content\/uploads\/2017\/10\/Josh5-e1506950926464.jpg","width":680,"height":860},{"@type":"BreadcrumbList","@id":"https:\/\/www.mein-hundehof.de\/index.php\/2017\/11\/30\/hier-bin-ich-hund-hier-darf-ichs-sein\/#breadcrumb","itemListElement":[{"@type":"ListItem","position":1,"name":"Startseite","item":"https:\/\/www.mein-hundehof.de\/"},{"@type":"ListItem","position":2,"name":"Hier bin ich Hund, hier darf ich&#8217;s sein&#8230;"}]},{"@type":"WebSite","@id":"https:\/\/www.mein-hundehof.de\/#website","url":"https:\/\/www.mein-hundehof.de\/","name":"Hunde-Hof Wald &amp; Wiese","description":"Ihre Hundepension im s\u00fcdlichen Umland von Berlin","publisher":{"@id":"https:\/\/www.mein-hundehof.de\/#organization"},"potentialAction":[{"@type":"SearchAction","target":{"@type":"EntryPoint","urlTemplate":"https:\/\/www.mein-hundehof.de\/?s={search_term_string}"},"query-input":{"@type":"PropertyValueSpecification","valueRequired":true,"valueName":"search_term_string"}}],"inLanguage":"de"},{"@type":"Organization","@id":"https:\/\/www.mein-hundehof.de\/#organization","name":"Hundehof Wald & Wiese","url":"https:\/\/www.mein-hundehof.de\/","logo":{"@type":"ImageObject","inLanguage":"de","@id":"https:\/\/www.mein-hundehof.de\/#\/schema\/logo\/image\/","url":"https:\/\/www.mein-hundehof.de\/wp-content\/uploads\/2016\/08\/Logo-300.jpg","contentUrl":"https:\/\/www.mein-hundehof.de\/wp-content\/uploads\/2016\/08\/Logo-300.jpg","width":299,"height":271,"caption":"Hundehof Wald & Wiese"},"image":{"@id":"https:\/\/www.mein-hundehof.de\/#\/schema\/logo\/image\/"},"sameAs":["https:\/\/www.facebook.com\/Hundehof14947\/"]},{"@type":"Person","@id":"https:\/\/www.mein-hundehof.de\/#\/schema\/person\/a3add56b905a55a177181084e34dd2e0","name":"Gabor","image":{"@type":"ImageObject","inLanguage":"de","@id":"https:\/\/www.mein-hundehof.de\/#\/schema\/person\/image\/","url":"https:\/\/secure.gravatar.com\/avatar\/676566a7e33a0d7622c1fe5ce193dda1?s=96&d=mm&r=g","contentUrl":"https:\/\/secure.gravatar.com\/avatar\/676566a7e33a0d7622c1fe5ce193dda1?s=96&d=mm&r=g","caption":"Gabor"}}]}},"_links":{"self":[{"href":"https:\/\/www.mein-hundehof.de\/index.php\/wp-json\/wp\/v2\/posts\/302","targetHints":{"allow":["GET"]}}],"collection":[{"href":"https:\/\/www.mein-hundehof.de\/index.php\/wp-json\/wp\/v2\/posts"}],"about":[{"href":"https:\/\/www.mein-hundehof.de\/index.php\/wp-json\/wp\/v2\/types\/post"}],"author":[{"embeddable":true,"href":"https:\/\/www.mein-hundehof.de\/index.php\/wp-json\/wp\/v2\/users\/1"}],"replies":[{"embeddable":true,"href":"https:\/\/www.mein-hundehof.de\/index.php\/wp-json\/wp\/v2\/comments?post=302"}],"version-history":[{"count":31,"href":"https:\/\/www.mein-hundehof.de\/index.php\/wp-json\/wp\/v2\/posts\/302\/revisions"}],"predecessor-version":[{"id":325,"href":"https:\/\/www.mein-hundehof.de\/index.php\/wp-json\/wp\/v2\/posts\/302\/revisions\/325"}],"wp:attachment":[{"href":"https:\/\/www.mein-hundehof.de\/index.php\/wp-json\/wp\/v2\/media?parent=302"}],"wp:term":[{"taxonomy":"category","embeddable":true,"href":"https:\/\/www.mein-hundehof.de\/index.php\/wp-json\/wp\/v2\/categories?post=302"},{"taxonomy":"post_tag","embeddable":true,"href":"https:\/\/www.mein-hundehof.de\/index.php\/wp-json\/wp\/v2\/tags?post=302"}],"curies":[{"name":"wp","href":"https:\/\/api.w.org\/{rel}","templated":true}]}}